{"id":35760,"date":"2022-11-08T09:26:09","date_gmt":"2022-11-08T08:26:09","guid":{"rendered":"https:\/\/qualifio.com\/?post_type=post&#038;p=35760"},"modified":"2026-02-18T17:27:26","modified_gmt":"2026-02-18T16:27:26","slug":"calendrier-marketing-2023-dates-pas-manquer","status":"publish","type":"post","link":"https:\/\/qualifio.com\/fr\/blog\/calendrier-marketing-2023-dates-pas-manquer\/","title":{"rendered":"Calendrier marketing 2023 : les dates \u00e0 ne pas manquer cette ann\u00e9e"},"content":{"rendered":"\n<p><strong>Le calendrier marketing 2023 est d\u00e9sormais disponible en t\u00e9l\u00e9chargement gratuit !<\/strong> Sans aucun doute, le calendrier marketing est le contenu le plus attendu par notre communaut\u00e9, t\u00e9l\u00e9charg\u00e9 l&rsquo;ann\u00e9e derni\u00e8re plus de 9 500 fois par les plus grandes marques europ\u00e9ennes de tous les secteurs.&nbsp;<\/p>\n\n\n\n<p>Comme chaque ann\u00e9e, notre \u00e9quipe marketing a travaill\u00e9 dur pour vous fournir le calendrier marketing le plus complet pour l&rsquo;ann\u00e9e \u00e0 venir.<\/p>\n\n\n\n<h2 class=\"wp-block-heading\" id=\"h-le-calendrier-marketing-2023-un-outil-cle-pour-les-marques\">Le calendrier marketing 2023 : un outil cl\u00e9 pour les marques<\/h2>\n\n\n\n<p>Tout est une question de planification avec le marketing digital. Et c&rsquo;est pr\u00e9cis\u00e9ment pour cela que le calendrier marketing est un outil essentiel. Bien s\u00fbr, vous ne pouvez pas tout contr\u00f4ler, mais planifier \u00e0 l&rsquo;avance peut souvent faire la diff\u00e9rence. Le calendrier marketing vous aidera \u00e0 choisir les \u00e9v\u00e9nements qui importent pour votre marque afin de cr\u00e9er des <a href=\"https:\/\/qualifio.com\/fr\/blog\/marketing-interactif-exemples-de-grandes-marques\/\">campagnes marketing interactives<\/a> \u00e9poustouflantes.<\/p>\n\n\n\n<p>En connaissant toutes les dates cl\u00e9s de l&rsquo;ann\u00e9e \u00e0 venir, vous pourrez :&nbsp;<\/p>\n\n\n\n<p>1\ufe0f\u20e3 Ma\u00eetrisez vos campagnes marketing<br>2\ufe0f\u20e3 Planifiez vos strat\u00e9gies marketing \u00e0 l&rsquo;avance<br>3\ufe0f\u20e3 Tirez le meilleur parti des \u00e9v\u00e9nements saisonniers<br>4\ufe0f\u20e3 Restez agile<\/p>\n\n\n\n<p>Pour r\u00e9sumer, si vous voulez engager, attirer et fid\u00e9liser vos clients, le calendrier marketing est l&rsquo;outil id\u00e9al pour vous donner un aper\u00e7u des dates \u00e0 ne pas manquer et autour desquelles vous pouvez cr\u00e9er des campagnes marketing.<\/p>\n\n\n\n<h2 class=\"wp-block-heading\" id=\"h-que-comprend-notre-calendrier-marketing-2023\">Que comprend notre calendrier marketing 2023 ?<\/h2>\n\n\n\n<p>Dans le calendrier marketing 2023, vous trouverez <strong>plus de 370 \u00e9v\u00e9nements<\/strong> ! 370 occasions autour desquelles vous pouvez cr\u00e9er des campagnes marketing pour engager votre audience et collecter des donn\u00e9es <a href=\"https:\/\/qualifio.com\/fr\/blog\/donnees-first-party\/\">first-party<\/a> et <a href=\"https:\/\/qualifio.com\/fr\/blog\/que-sont-les-zero-party-data\/\">zero-party.<\/a> Vous trouverez tous types d&rsquo;\u00e9v\u00e9nements, des <a href=\"https:\/\/qualifio.com\/fr\/blog\/journees-internationales-idees-strategie-marketing\/\">journ\u00e9es internationales<\/a> aux \u00e9v\u00e9nements sportifs et culturels, mais aussi des jours f\u00e9ri\u00e9s et des f\u00eates.<\/p>\n\n\n\n<p>Vous trouverez \u00e9galement une page r\u00e9capitulative au d\u00e9but de chaque mois avec une s\u00e9lection d&rsquo;\u00e9v\u00e9nements cl\u00e9s choisis par notre \u00e9quipe. Et, parce que nous savons que \u00e7a prend du temps pour trouver constamment de nouvelles id\u00e9es de campagnes, nous avons inclus pour chaque mois des liens utiles vers des articles inspirants vous donnant des id\u00e9es pour des \u00e9v\u00e9nements cl\u00e9s, tels que <a href=\"https:\/\/qualifio.com\/blog\/noel\">No\u00ebl<\/a>, la <a href=\"https:\/\/qualifio.com\/blog\/saintvalentin\">Saint-Valentin<\/a>, la <a href=\"https:\/\/qualifio.com\/blog\/fetedesmeres\">f\u00eate des m\u00e8res<\/a>, etc.&nbsp;<\/p>\n\n\n\n<p>Enfin, pour ne pas manquer un seul \u00e9v\u00e9nement, vous trouverez un lien pour ajouter directement le calendrier marketing 2023 \u00e0 votre calendrier Google. Ainsi, vous pourrez jeter un \u0153il \u00e0 votre calendrier personnel tout en suivant au jour le jour les \u00e9v\u00e9nements de l&rsquo;ann\u00e9e.<\/p>\n\n\n\n<p><strong>T\u00e9l\u00e9chargez d\u00e8s maintenant notre calendrier marketing 2023 !<\/strong>&nbsp; \u2b07<\/p>\n\n\n\n<div id=\"form\" class=\"wp-block-group align-center hubspot-form-box is-layout-flow wp-block-group-is-layout-flow\">\n<script src=\"https:\/\/js-eu1.hsforms.net\/forms\/embed\/147199682.js\" defer><\/script>\n<div class=\"hs-form-frame\" data-region=\"eu1\" data-form-id=\"55ca8e8b-9ce8-4f22-944f-ca7be0fb67fe\" data-portal-id=\"147199682\"><\/div>\n<\/div>\n\n\n\n<h2 class=\"wp-block-heading\" id=\"h-nouveau-une-version-en-ligne-du-calendrier-marketing-2023-nbsp\">NOUVEAU : une version en ligne du calendrier marketing 2023&nbsp;<\/h2>\n\n\n\n<p>Cette ann\u00e9e, nous apportons une nouveaut\u00e9 au calendrier marketing. [Roulements de tambour]&nbsp;Nous avons cr\u00e9\u00e9 une version en ligne de notre calendrier marketing, accessible \u00e0 tout moment via cette page.&nbsp;<\/p>\n\n\n\n<p>Vous pourrez consulter la version compl\u00e8te de notre calendrier marketing 2023 et cliquer sur les \u00e9v\u00e9nements qui vous int\u00e9ressent pour obtenir plus d&rsquo;informations ou des liens vers des articles d&rsquo;inspiration.&nbsp;&nbsp;<\/p>\n\n\n\n<p><a href=\"https:\/\/qualifio.com\/fr\/calendrier-marketing\/#online\">Consultez notre calendrier marketing 2023 en ligne juste ici <\/a>\u2b07<\/p>\n\n\n\n<figure class=\"wp-block-image size-large\"><a href=\"https:\/\/qualifio.com\/fr\/calendrier-marketing\/#online\"><img loading=\"lazy\" decoding=\"async\" width=\"1024\" height=\"685\" src=\"https:\/\/qualifio.com\/wp-content\/uploads\/2022\/11\/calendrier-marketing-2023-janvier-1-1024x685.png\" alt=\"calendrier-marketing-2023-janvier\" class=\"wp-image-36222\" srcset=\"https:\/\/qualifio.com\/wp-content\/uploads\/2022\/11\/calendrier-marketing-2023-janvier-1-1024x685.png 1024w, https:\/\/qualifio.com\/wp-content\/uploads\/2022\/11\/calendrier-marketing-2023-janvier-1-300x201.png 300w, https:\/\/qualifio.com\/wp-content\/uploads\/2022\/11\/calendrier-marketing-2023-janvier-1-768x514.png 768w, https:\/\/qualifio.com\/wp-content\/uploads\/2022\/11\/calendrier-marketing-2023-janvier-1.png 1069w\" sizes=\"auto, (max-width: 1024px) 100vw, 1024px\" \/><\/a><\/figure>\n\n\n\n<h2 class=\"wp-block-heading\" id=\"h-le-calendrier-marketing-2023-en-bref\">Le calendrier marketing 2023 en bref<\/h2>\n\n\n\n<p>Jetons un coup d&rsquo;\u0153il rapide aux cinq \u00e9v\u00e9nements cl\u00e9s de chaque mois s\u00e9lectionn\u00e9s par notre \u00e9quipe. Choisissez l&rsquo;\u00e9v\u00e9nement qui correspond le mieux \u00e0 votre marque pour vous aider \u00e0 engager votre communaut\u00e9, collecter des donn\u00e9es de <a href=\"https:\/\/qualifio.com\/fr\/blog\/donnees-first-party\/\">first-party<\/a> et <a href=\"https:\/\/qualifio.com\/fr\/blog\/que-sont-les-zero-party-data\/\">zero-party<\/a> et promouvoir vos produits tout au long de l&rsquo;ann\u00e9e.<\/p>\n\n\n\n<h3 class=\"wp-block-heading\" id=\"h-janvier-2023-bonnes-resolutions-et-soldes-nbsp\">Janvier 2023 : bonnes r\u00e9solutions et soldes&nbsp;<\/h3>\n\n\n\n<p>Janvier est le mois des nouvelles r\u00e9solutions, \u00e0 commencer par le mois sans alcool (<em>Dry January<\/em>) qui dure tout le mois.&nbsp;<\/p>\n\n\n\n<p>Le calendrier de janvier 2023 regorge d&rsquo;\u00e9v\u00e9nements culturels et sportifs, tels que la 80e c\u00e9r\u00e9monie des Golden Globes (10 janvier) et l&rsquo;Open d&rsquo;Australie (du 16 au 29 janvier).&nbsp;<\/p>\n\n\n\n<p>Si vous recherchez un peu de r\u00e9confort pendant les froids mois d&rsquo;hiver et \u00e0 combattre le <em>Blue Monday <\/em>(16 janvier), ne manquez pas la journ\u00e9e internationale de la cuisine italienne (17 janvier) ou la journ\u00e9e du c\u00e2lin (21 janvier).<\/p>\n\n\n\n<figure class=\"wp-block-image aligncenter size-full\"><img loading=\"lazy\" decoding=\"async\" width=\"405\" height=\"600\" src=\"https:\/\/qualifio.com\/wp-content\/uploads\/2022\/11\/calendrier-marketing-2023-janvier.png\" alt=\"calendrier-marketing-2023-janvier\" class=\"wp-image-35781\" srcset=\"https:\/\/qualifio.com\/wp-content\/uploads\/2022\/11\/calendrier-marketing-2023-janvier.png 405w, https:\/\/qualifio.com\/wp-content\/uploads\/2022\/11\/calendrier-marketing-2023-janvier-203x300.png 203w\" sizes=\"auto, (max-width: 405px) 100vw, 405px\" \/><\/figure>\n\n\n\n<p>Envie de savoir ce qui se passe d\u2019autre en janvier 2023 ? <a href=\"#form\">T\u00e9l\u00e9chargez le calendrier marketing<\/a> et ne manquez aucun \u00e9v\u00e9nement.<\/p>\n\n\n\n<h3 class=\"wp-block-heading\" id=\"h-fevrier-2023-pizzas-amour-et-cinema\">F\u00e9vrier 2023 : pizzas, amour et cin\u00e9ma<\/h3>\n\n\n\n<p>Le calendrier de f\u00e9vrier 2023 commence de fa\u00e7on gourmande avec la chandeleur (2 f\u00e9vrier). Il se poursuit avec le jour le plus attendu de l&rsquo;ann\u00e9e, la journ\u00e9e de la pizza (9 f\u00e9vrier), avant de d\u00e9marrer la saison des <em>Fashion Week<\/em> avec la New York Fashion Week (du 9 au 15 f\u00e9vrier).&nbsp;<\/p>\n\n\n\n<p>Enfin, il y a de l&rsquo;amour dans l&rsquo;air avec la Saint-Valentin (14 f\u00e9vrier) et le mois se termine sur une note culturelle avec la 48e c\u00e9r\u00e9monie des C\u00e9sar (24 f\u00e9vrier).<\/p>\n\n\n\n<figure class=\"wp-block-image aligncenter size-large is-resized\"><img loading=\"lazy\" decoding=\"async\" width=\"887\" height=\"1024\" src=\"https:\/\/qualifio.com\/wp-content\/uploads\/2022\/11\/calendrier-marketing-2023-pizza-887x1024.jpg\" alt=\"calendrier-marketing-2023-pizza\" class=\"wp-image-35801\" style=\"width:444px;height:512px\" srcset=\"https:\/\/qualifio.com\/wp-content\/uploads\/2022\/11\/calendrier-marketing-2023-pizza-887x1024.jpg 887w, https:\/\/qualifio.com\/wp-content\/uploads\/2022\/11\/calendrier-marketing-2023-pizza-260x300.jpg 260w, https:\/\/qualifio.com\/wp-content\/uploads\/2022\/11\/calendrier-marketing-2023-pizza-768x886.jpg 768w, https:\/\/qualifio.com\/wp-content\/uploads\/2022\/11\/calendrier-marketing-2023-pizza-1331x1536.jpg 1331w, https:\/\/qualifio.com\/wp-content\/uploads\/2022\/11\/calendrier-marketing-2023-pizza.jpg 1603w\" sizes=\"auto, (max-width: 887px) 100vw, 887px\" \/><\/figure>\n\n\n\n<p><a href=\"https:\/\/qualifio.com\/fr\/calendrier-marketing\/#online\">Consultez le calendrier marketing 2023<\/a> pour d\u00e9couvrir tous les autres \u00e9v\u00e9nements du mois de f\u00e9vrier.<\/p>\n\n\n\n<h3 class=\"wp-block-heading\" id=\"h-mars-2023-egalite-des-sexes-et-beaucoup-de-bonheur\">Mars 2023 : \u00e9galit\u00e9 des sexes et beaucoup de bonheur<\/h3>\n\n\n\n<p>La journ\u00e9e \u00ab z\u00e9ro discrimination \u00bb (1er mars) et la journ\u00e9e internationale de la femme (8 mars) marquent le d\u00e9but du mois de mars 2023. Les films sortis en 2022 sont ensuite mis \u00e0 l&rsquo;honneur le 12 mars lors de la 95e c\u00e9r\u00e9monie des Oscars.&nbsp;<\/p>\n\n\n\n<p>Nous c\u00e9l\u00e9brons \u00e9galement la journ\u00e9e internationale du bonheur (20 mars), qui devrait en fait \u00eatre c\u00e9l\u00e9br\u00e9e tous les jours de l&rsquo;ann\u00e9e ! Enfin, la journ\u00e9e mondiale de l&rsquo;eau (22 mars) c\u00e9l\u00e8bre l&rsquo;eau et sensibilise le public aux 2 milliards de personnes qui vivent sans acc\u00e8s \u00e0 l&rsquo;eau potable dans le monde.<\/p>\n\n\n\n<figure class=\"wp-block-image aligncenter size-large is-resized\"><img loading=\"lazy\" decoding=\"async\" width=\"1024\" height=\"721\" src=\"https:\/\/qualifio.com\/wp-content\/uploads\/2022\/11\/calendrier-marketing-2023-femmes-1024x721.jpg\" alt=\"calendrier-marketing-2023-femmes\" class=\"wp-image-35773\" style=\"width:512px;height:361px\" srcset=\"https:\/\/qualifio.com\/wp-content\/uploads\/2022\/11\/calendrier-marketing-2023-femmes-1024x721.jpg 1024w, https:\/\/qualifio.com\/wp-content\/uploads\/2022\/11\/calendrier-marketing-2023-femmes-300x211.jpg 300w, https:\/\/qualifio.com\/wp-content\/uploads\/2022\/11\/calendrier-marketing-2023-femmes-768x541.jpg 768w, https:\/\/qualifio.com\/wp-content\/uploads\/2022\/11\/calendrier-marketing-2023-femmes-1536x1082.jpg 1536w, https:\/\/qualifio.com\/wp-content\/uploads\/2022\/11\/calendrier-marketing-2023-femmes.jpg 1936w\" sizes=\"auto, (max-width: 1024px) 100vw, 1024px\" \/><\/figure>\n\n\n\n<p>Vous retrouverez tous les autres \u00e9v\u00e9nements du calendrier de mars 2023 dans notre <a href=\"#form\">calendrier marketing<\/a> \ud83d\ude09<\/p>\n\n\n\n<h3 class=\"wp-block-heading\" id=\"h-avril-2023-oeufs-poussins-et-lapins-en-chocolat\">Avril 2023 : \u0153ufs, poussins et lapins en chocolat<\/h3>\n\n\n\n<p>Profitez du poisson d&rsquo;avril (1er avril) pour commencer le mois en beaut\u00e9 ! Le mois d&rsquo;avril est rythm\u00e9 par P\u00e2ques, qui commence avec le lundi de P\u00e2ques (10 avril).&nbsp;<\/p>\n\n\n\n<p>Nous avons ensuite l&rsquo;un des plus grands festivals de musique et d&rsquo;art au monde, Coachella, qui se d\u00e9roule sur deux week-ends (du 14 au 16 avril et du 21 au 23 avril) et la journ\u00e9e mondiale de l&rsquo;art, c\u00e9l\u00e9br\u00e9e au milieu du mois (15 avril).&nbsp;<\/p>\n\n\n\n<figure class=\"wp-block-image aligncenter size-full is-resized\"><img loading=\"lazy\" decoding=\"async\" width=\"721\" height=\"813\" src=\"https:\/\/qualifio.com\/wp-content\/uploads\/2022\/11\/calendrier-marketing-2023-catcher-galler.jpg\" alt=\"calendrier-marketing-2023-catcher-galler\" class=\"wp-image-35765\" style=\"width:361px;height:407px\" srcset=\"https:\/\/qualifio.com\/wp-content\/uploads\/2022\/11\/calendrier-marketing-2023-catcher-galler.jpg 721w, https:\/\/qualifio.com\/wp-content\/uploads\/2022\/11\/calendrier-marketing-2023-catcher-galler-266x300.jpg 266w\" sizes=\"auto, (max-width: 721px) 100vw, 721px\" \/><\/figure>\n\n\n\n<p>Enfin, nous terminons le mois sur une note positive avec la journ\u00e9e mondiale du v\u0153u (29 avril). Pour avoir un aper\u00e7u de tous les \u00e9v\u00e9nements d&rsquo;avril 2023, <a href=\"#form\">t\u00e9l\u00e9chargez notre calendrier marketing<\/a>.<\/p>\n\n\n\n<h3 class=\"wp-block-heading\" id=\"h-mai-2023-dites-non-au-regime-et-envoyez-de-l-amour-a-vos-mamans-nbsp\">Mai 2023 : dites non au r\u00e9gime et envoyez de l&rsquo;amour \u00e0 vos mamans&nbsp;<\/h3>\n\n\n\n<p>Le calendrier de mai 2023 commence par une journ\u00e9e importante, la journ\u00e9e internationale sans r\u00e9gime (6 mai), qui devrait selon nous durer toute l&rsquo;ann\u00e9e. En parlant de jours importants, nous f\u00eatons nos mamans en mai, selon les pays, le 7, le 14 ou le 28.&nbsp;<\/p>\n\n\n\n<p>Ensuite, le milieu du mois est marqu\u00e9 par la journ\u00e9e internationale des familles (15 mai) et se termine par deux grands \u00e9v\u00e9nements : le festival de Cannes (du 16 au 27 mai) et Roland-Garros (du 22 mai au 11 juin).<\/p>\n\n\n\n<figure class=\"wp-block-image aligncenter size-full\"><img loading=\"lazy\" decoding=\"async\" width=\"418\" height=\"600\" src=\"https:\/\/qualifio.com\/wp-content\/uploads\/2022\/11\/calendrier-marketing-2023-meres.jpeg\" alt=\"calendrier-marketing-2023-meres\" class=\"wp-image-35789\" srcset=\"https:\/\/qualifio.com\/wp-content\/uploads\/2022\/11\/calendrier-marketing-2023-meres.jpeg 418w, https:\/\/qualifio.com\/wp-content\/uploads\/2022\/11\/calendrier-marketing-2023-meres-209x300.jpeg 209w\" sizes=\"auto, (max-width: 418px) 100vw, 418px\" \/><\/figure>\n\n\n\n<p>Ne manquez aucun \u00e9v\u00e9nement de mai 2023 en <a href=\"#form\">t\u00e9l\u00e9chargeant notre calendrier marketing<\/a>.<\/p>\n\n\n\n<h3 class=\"wp-block-heading\" id=\"h-juin-2023-celebrer-les-papas-en-musique\">Juin 2023 : c\u00e9l\u00e9brer les papas en musique<\/h3>\n\n\n\n<p>Et nous sommes d\u00e9j\u00e0 en juin ! Selon l&rsquo;endroit o\u00f9 vous vivez, nous f\u00eatons nos chers papas ador\u00e9s le 5, le 11 ou le 18.&nbsp;<\/p>\n\n\n\n<p>Le calendrier de juin 2023 est ponctu\u00e9 d&rsquo;autres grandes journ\u00e9es internationales comme la journ\u00e9e mondiale de l&rsquo;environnement (5 juin), la journ\u00e9e mondiale de la course \u00e0 pied (7 juin), la journ\u00e9e mondiale des tapas (16 juin) et la journ\u00e9e mondiale de la musique (21 juin).<\/p>\n\n\n\n<figure class=\"wp-block-image aligncenter size-large is-resized\"><img loading=\"lazy\" decoding=\"async\" width=\"835\" height=\"1024\" src=\"https:\/\/qualifio.com\/wp-content\/uploads\/2022\/11\/calendrier-marketing-2023-musique-835x1024.jpg\" alt=\"calendrier-marketing-2023-musique\" class=\"wp-image-35793\" style=\"width:418px;height:512px\" srcset=\"https:\/\/qualifio.com\/wp-content\/uploads\/2022\/11\/calendrier-marketing-2023-musique-835x1024.jpg 835w, https:\/\/qualifio.com\/wp-content\/uploads\/2022\/11\/calendrier-marketing-2023-musique-245x300.jpg 245w, https:\/\/qualifio.com\/wp-content\/uploads\/2022\/11\/calendrier-marketing-2023-musique-768x942.jpg 768w, https:\/\/qualifio.com\/wp-content\/uploads\/2022\/11\/calendrier-marketing-2023-musique.jpg 1075w\" sizes=\"auto, (max-width: 835px) 100vw, 835px\" \/><\/figure>\n\n\n\n<p>Envie de conna\u00eetre tous les autres \u00e9v\u00e9nements qui ponctueront le mois de juin 2023 ? <a href=\"https:\/\/qualifio.com\/fr\/calendrier-marketing\/#online\">Consultez notre calendrier marketing<\/a> !<\/p>\n\n\n\n<h3 class=\"wp-block-heading\" id=\"h-juillet-2023-ete-et-amitie\">Juillet 2023 : \u00e9t\u00e9 et amiti\u00e9<\/h3>\n\n\n\n<p>Enfin, l\u2019\u00e9t\u00e9 est l\u00e0 ! Juillet 2023 commence de mani\u00e8re sportive avec le Tour de France (du 1er au 23 juillet). Nous avons ensuite un peu d&rsquo;amour et de romance avec la journ\u00e9e internationale du baiser (6 juillet).&nbsp;<\/p>\n\n\n\n<p>Nous prenons ensuite quelques kilos avec la journ\u00e9e mondiale du chocolat (7 juillet), et nous termin\u00e9 le mois de juillet 2023 en c\u00e9l\u00e9brant la journ\u00e9e mondiale de l&#8217;emoji (17 juillet) et la journ\u00e9e internationale de l&rsquo;amiti\u00e9 (30 juillet).<\/p>\n\n\n\n<figure class=\"wp-block-image aligncenter size-large is-resized\"><img loading=\"lazy\" decoding=\"async\" width=\"967\" height=\"1024\" src=\"https:\/\/qualifio.com\/wp-content\/uploads\/2022\/11\/calendrier-marketing-2023-ete-967x1024.jpg\" alt=\"calendrier-marketing-2023-ete\" class=\"wp-image-35769\" style=\"width:484px;height:512px\" srcset=\"https:\/\/qualifio.com\/wp-content\/uploads\/2022\/11\/calendrier-marketing-2023-ete-967x1024.jpg 967w, https:\/\/qualifio.com\/wp-content\/uploads\/2022\/11\/calendrier-marketing-2023-ete-283x300.jpg 283w, https:\/\/qualifio.com\/wp-content\/uploads\/2022\/11\/calendrier-marketing-2023-ete-768x813.jpg 768w, https:\/\/qualifio.com\/wp-content\/uploads\/2022\/11\/calendrier-marketing-2023-ete.jpg 1073w\" sizes=\"auto, (max-width: 967px) 100vw, 967px\" \/><\/figure>\n\n\n\n<p><a href=\"#form\">T\u00e9l\u00e9chargez le calendrier marketing 2023<\/a> pour d\u00e9couvrir tous les \u00e9v\u00e9nements dont vous pouvez tirer parti pendant l&rsquo;\u00e9t\u00e9.<\/p>\n\n\n\n<h3 class=\"wp-block-heading\" id=\"h-aout-2023-le-mois-des-amoureux-des-animaux-et-de-la-biere\">Ao\u00fbt 2023 : le mois des amoureux des animaux et de la bi\u00e8re<\/h3>\n\n\n\n<p>Les amoureux des animaux seront ravis de voir le calendrier d&rsquo;ao\u00fbt 2023 c\u00e9l\u00e9brer la journ\u00e9e internationale des chats (8 ao\u00fbt) et la journ\u00e9e internationale des chiens (26 ao\u00fbt). Il en va de m\u00eame pour les amateurs de bi\u00e8re, avec la journ\u00e9e de la bi\u00e8re c\u00e9l\u00e9br\u00e9e le 4 ao\u00fbt. Nous poursuivons le mois avec la journ\u00e9e internationale de la jeunesse (12 ao\u00fbt) et la journ\u00e9e mondiale de la photographie (19 ao\u00fbt).&nbsp;<\/p>\n\n\n\n<p>Et cette ann\u00e9e, certaines marques devront pr\u00e9parer leur marketing pour la rentr\u00e9e des classes un peu plus t\u00f4t, car la rentr\u00e9e des classes commence en ao\u00fbt dans certains pays comme la Belgique !<\/p>\n\n\n\n<figure class=\"wp-block-image aligncenter size-full\"><img loading=\"lazy\" decoding=\"async\" width=\"785\" height=\"400\" src=\"https:\/\/qualifio.com\/wp-content\/uploads\/2022\/11\/calendrier-marketing-2023-journee-chien.png\" alt=\"calendrier-marketing-2023-journee-chien\" class=\"wp-image-35785\" srcset=\"https:\/\/qualifio.com\/wp-content\/uploads\/2022\/11\/calendrier-marketing-2023-journee-chien.png 785w, https:\/\/qualifio.com\/wp-content\/uploads\/2022\/11\/calendrier-marketing-2023-journee-chien-300x153.png 300w, https:\/\/qualifio.com\/wp-content\/uploads\/2022\/11\/calendrier-marketing-2023-journee-chien-768x391.png 768w\" sizes=\"auto, (max-width: 785px) 100vw, 785px\" \/><\/figure>\n\n\n\n<p><a href=\"#form\">T\u00e9l\u00e9chargez le calendrier marketing 2023<\/a> pour d\u00e9couvrir tous les \u00e9v\u00e9nements dont vous pouvez tirer parti pendant l&rsquo;\u00e9t\u00e9.<\/p>\n\n\n\n<h3 class=\"wp-block-heading\" id=\"h-septembre-2023-rentree-des-classes-et-des-affaires\">Septembre 2023 : rentr\u00e9e des classes et des affaires<\/h3>\n\n\n\n<p>M\u00eame si le mois de septembre est synonyme de rentr\u00e9e des classes et de retour au travail, nous restons optimistes avec la journ\u00e9e de la pens\u00e9e positive (13 septembre). En septembre 2023, nous c\u00e9l\u00e9brerons \u00e9galement la journ\u00e9e mondiale de la noix de coco (2 septembre), la journ\u00e9e internationale de la paix (21 septembre) et la journ\u00e9e mondiale du tourisme (27 septembre).&nbsp;<\/p>\n\n\n\n<figure class=\"wp-block-image aligncenter size-full is-resized\"><img loading=\"lazy\" decoding=\"async\" width=\"664\" height=\"914\" src=\"https:\/\/qualifio.com\/wp-content\/uploads\/2022\/11\/calendrier-marketing-2023-rentree.png\" alt=\"calendrier-marketing-2023-rentree\" class=\"wp-image-35805\" style=\"width:332px;height:457px\" srcset=\"https:\/\/qualifio.com\/wp-content\/uploads\/2022\/11\/calendrier-marketing-2023-rentree.png 664w, https:\/\/qualifio.com\/wp-content\/uploads\/2022\/11\/calendrier-marketing-2023-rentree-218x300.png 218w\" sizes=\"auto, (max-width: 664px) 100vw, 664px\" \/><\/figure>\n\n\n\n<p>Sans oublier le d\u00e9but de l&rsquo;automne (23 septembre), marquant la transition entre l&rsquo;\u00e9t\u00e9 et l&rsquo;hiver. Pour d\u00e9couvrir tous les autres \u00e9v\u00e9nements de septembre 2023, <a href=\"https:\/\/qualifio.com\/fr\/calendrier-marketing\/#online\">consultez notre calendrier marketing<\/a>.<\/p>\n\n\n\n<h3 class=\"wp-block-heading\" id=\"h-octobre-2023-cafe-pates-et-monstres\">Octobre 2023 : caf\u00e9, p\u00e2tes et monstres<\/h3>\n\n\n\n<p>Le calendrier d&rsquo;octobre 2023 commence par la journ\u00e9e internationale du caf\u00e9 (1er octobre), qui sera bien n\u00e9cessaire alors que l&rsquo;hiver commence et que les jours raccourcissent.&nbsp;<\/p>\n\n\n\n<p>Heureusement, les jours les plus sombres deviennent plus joyeux avec la journ\u00e9e mondiale du sourire (6 octobre). Le mois d&rsquo;octobre c\u00e9l\u00e8bre \u00e9galement la journ\u00e9e des patrons (16 octobre) et la journ\u00e9e mondiale des p\u00e2tes (25 octobre) pour notre plus grand plaisir. Et, bien s\u00fbr, nous terminons le mois en c\u00e9l\u00e9brant Halloween (31 octobre).<\/p>\n\n\n\n<figure class=\"wp-block-image aligncenter size-large is-resized\"><img loading=\"lazy\" decoding=\"async\" width=\"741\" height=\"1024\" src=\"https:\/\/qualifio.com\/wp-content\/uploads\/2022\/11\/calendrier-marketing-2023-halloween-741x1024.png\" alt=\"calendrier-marketing-2023-halloween\" class=\"wp-image-35777\" style=\"width:371px;height:512px\" srcset=\"https:\/\/qualifio.com\/wp-content\/uploads\/2022\/11\/calendrier-marketing-2023-halloween-741x1024.png 741w, https:\/\/qualifio.com\/wp-content\/uploads\/2022\/11\/calendrier-marketing-2023-halloween-217x300.png 217w, https:\/\/qualifio.com\/wp-content\/uploads\/2022\/11\/calendrier-marketing-2023-halloween-768x1062.png 768w, https:\/\/qualifio.com\/wp-content\/uploads\/2022\/11\/calendrier-marketing-2023-halloween.png 810w\" sizes=\"auto, (max-width: 741px) 100vw, 741px\" \/><\/figure>\n\n\n\n<p>Envie de savoir ce qui se passe d&rsquo;autre dans le calendrier d&rsquo;octobre 2023 ? <a href=\"#form\">T\u00e9l\u00e9chargez notre calendrier marketing<\/a> et ne manquez aucun \u00e9v\u00e9nement.<\/p>\n\n\n\n<h3 class=\"wp-block-heading\" id=\"h-novembre-2023-les-hommes-a-l-honneur\">Novembre 2023 : les hommes \u00e0 l&rsquo;honneur<\/h3>\n\n\n\n<p>Nous commen\u00e7ons le mois avec Movember visant \u00e0 sensibiliser les hommes \u00e0 leur sant\u00e9 en les invitant \u00e0 se laisser pousser la moustache pendant 30 jours.<\/p>\n\n\n\n<p>Le mois de novembre 2023 se poursuit avec la journ\u00e9e mondiale de la libert\u00e9 (9 novembre) et la journ\u00e9e internationale des \u00e9tudiants (17 novembre). Nous c\u00e9l\u00e9brons \u00e9galement la journ\u00e9e internationale des hommes (19 novembre) et le Black Friday \u00e0 la fin du mois pour le plus grand plaisir des consommateurs.<\/p>\n\n\n\n<figure class=\"wp-block-image aligncenter size-full is-resized\"><img loading=\"lazy\" decoding=\"async\" width=\"965\" height=\"1024\" src=\"https:\/\/qualifio.com\/wp-content\/uploads\/2022\/11\/calendrier-marketing-2023-black-friday.png\" alt=\"calendrier-marketing-2023-black-friday\" class=\"wp-image-35761\" style=\"width:483px;height:512px\" srcset=\"https:\/\/qualifio.com\/wp-content\/uploads\/2022\/11\/calendrier-marketing-2023-black-friday.png 965w, https:\/\/qualifio.com\/wp-content\/uploads\/2022\/11\/calendrier-marketing-2023-black-friday-283x300.png 283w, https:\/\/qualifio.com\/wp-content\/uploads\/2022\/11\/calendrier-marketing-2023-black-friday-768x815.png 768w\" sizes=\"auto, (max-width: 965px) 100vw, 965px\" \/><\/figure>\n\n\n\n<p>Vous retrouverez tous les autres \u00e9v\u00e9nements de novembre 2023 dans notre <a href=\"#form\">calendrier marketing<\/a> \ud83d\ude09<\/p>\n\n\n\n<h3 class=\"wp-block-heading\" id=\"h-decembre-2023-chants-de-noel-et-autres-festivites\">D\u00e9cembre 2023 : chants de No\u00ebl et autres festivit\u00e9s<\/h3>\n\n\n\n<p>Le calendrier de d\u00e9cembre 2023 commence par deux \u00e9v\u00e9nements importants : la journ\u00e9e mondiale des sols (5 d\u00e9cembre) et la journ\u00e9e des droits de l&rsquo;homme (10 d\u00e9cembre). Nous avons ensuite la journ\u00e9e internationale de la montagne (11 d\u00e9cembre), l&rsquo;occasion de promouvoir les voyages au ski, peut-\u00eatre ?&nbsp;<\/p>\n\n\n\n<p>Et nous terminons le mois en c\u00e9l\u00e9brant la p\u00e9riode la plus merveilleuse de l&rsquo;ann\u00e9e, avec la journ\u00e9e du pull de No\u00ebl moche (15 d\u00e9cembre) et No\u00ebl (25 d\u00e9cembre). Bien s\u00fbr, il y a d&rsquo;autres \u00e9v\u00e9nements cl\u00e9s en d\u00e9cembre 2023, que vous pouvez d\u00e9couvrir dans notre <a href=\"#form\">calendrier marketing 2023<\/a>.<\/p>\n\n\n\n<figure class=\"wp-block-image aligncenter size-large is-resized\"><img loading=\"lazy\" decoding=\"async\" width=\"771\" height=\"1024\" src=\"https:\/\/qualifio.com\/wp-content\/uploads\/2022\/11\/calendrier-marketing-2023-noel-ardenne-771x1024.png\" alt=\"calendrier-marketing-2023-noel-ardenne\" class=\"wp-image-35797\" style=\"width:386px;height:512px\" srcset=\"https:\/\/qualifio.com\/wp-content\/uploads\/2022\/11\/calendrier-marketing-2023-noel-ardenne-771x1024.png 771w, https:\/\/qualifio.com\/wp-content\/uploads\/2022\/11\/calendrier-marketing-2023-noel-ardenne-226x300.png 226w, https:\/\/qualifio.com\/wp-content\/uploads\/2022\/11\/calendrier-marketing-2023-noel-ardenne-768x1020.png 768w, https:\/\/qualifio.com\/wp-content\/uploads\/2022\/11\/calendrier-marketing-2023-noel-ardenne.png 896w\" sizes=\"auto, (max-width: 771px) 100vw, 771px\" \/><\/figure>\n\n\n\n<p><\/p>\n\n\n\n<p>Maintenant que vous avez un petit aper\u00e7u de ce que vous r\u00e9serve 2023, t\u00e9l\u00e9chargez notre calendrier marketing 2023 pour conna\u00eetre toutes les dates \u00e0 ne pas manquer cette ann\u00e9e, ou consultez notre version en ligne. Soyez pr\u00eat \u00e0 c\u00e9l\u00e9brer chaque jour de 2023 avec des<a href=\"https:\/\/qualifio.com\/fr\/blog\/marketing-interactif-exemples-de-grandes-marques\/\"> campagnes marketing interactives<\/a> \u00e9poustouflantes !<\/p>\n\n\n\n<div class=\"wp-block-buttons is-layout-flex wp-block-buttons-is-layout-flex\">\n<div class=\"wp-block-button aligncenter\"><a class=\"wp-block-button__link wp-element-button\" href=\"https:\/\/qualifio.com\/fr\/calendrier-marketing\/#form\">T\u00e9l\u00e9charger le calendrier marketing 2023<\/a><\/div>\n<\/div>\n","protected":false},"excerpt":{"rendered":"<p>Le calendrier marketing 2023 est d\u00e9sormais disponible en t\u00e9l\u00e9chargement gratuit ! Sans aucun doute, le calendrier marketing est le contenu le plus attendu par notre communaut\u00e9, t\u00e9l\u00e9charg\u00e9 l&rsquo;ann\u00e9e derni\u00e8re plus de 9 500 fois par les plus grandes marques europ\u00e9ennes de tous les secteurs.&nbsp; Comme chaque ann\u00e9e, notre \u00e9quipe marketing a travaill\u00e9 dur pour vous [&hellip;]<\/p>\n","protected":false},"author":3,"featured_media":35809,"comment_status":"closed","ping_status":"closed","sticky":false,"template":"","format":"standard","meta":{"footnotes":""},"categories":[268],"tags":[],"class_list":["post-35760","post","type-post","status-publish","format-standard","has-post-thumbnail","hentry","category-inspiration"],"yoast_head":"<!-- This site is optimized with the Yoast SEO Premium plugin v27.5 (Yoast SEO v27.5) - https:\/\/yoast.com\/product\/yoast-seo-premium-wordpress\/ -->\n<title>Calendrier marketing 2023 : les dates \u00e0 ne pas manquer - Qualifio<\/title>\n<meta name=\"description\" content=\"Le calendrier marketing 2023 est disponible en t\u00e9l\u00e9chargement gratuit ! Le calendrier marketing est le contenu le plus attendu.\" \/>\n<meta name=\"robots\" content=\"index, follow, max-snippet:-1, max-image-preview:large, max-video-preview:-1\" \/>\n<link rel=\"canonical\" href=\"https:\/\/qualifio.com\/fr\/blog\/calendrier-marketing-2023-dates-pas-manquer\/\" \/>\n<meta property=\"og:locale\" content=\"fr_FR\" \/>\n<meta property=\"og:type\" content=\"article\" \/>\n<meta property=\"og:title\" content=\"Calendrier marketing 2023 : les dates \u00e0 ne pas manquer cette ann\u00e9e\" \/>\n<meta property=\"og:description\" content=\"Le calendrier marketing 2023 est disponible en t\u00e9l\u00e9chargement gratuit ! Le calendrier marketing est le contenu le plus attendu.\" \/>\n<meta property=\"og:url\" content=\"https:\/\/qualifio.com\/fr\/blog\/calendrier-marketing-2023-dates-pas-manquer\/\" \/>\n<meta property=\"og:site_name\" content=\"Qualifio\" \/>\n<meta property=\"article:published_time\" content=\"2022-11-08T08:26:09+00:00\" \/>\n<meta property=\"article:modified_time\" content=\"2026-02-18T16:27:26+00:00\" \/>\n<meta property=\"og:image\" content=\"https:\/\/qualifio.com\/wp-content\/uploads\/2022\/11\/calendrier-marketing-2023-social.png\" \/>\n\t<meta property=\"og:image:width\" content=\"1200\" \/>\n\t<meta property=\"og:image:height\" content=\"627\" \/>\n\t<meta property=\"og:image:type\" content=\"image\/png\" \/>\n<meta name=\"author\" content=\"Anastasia Babatzikis\" \/>\n<meta name=\"twitter:card\" content=\"summary_large_image\" \/>\n<meta name=\"twitter:label1\" content=\"\u00c9crit par\" \/>\n\t<meta name=\"twitter:data1\" content=\"Anastasia Babatzikis\" \/>\n\t<meta name=\"twitter:label2\" content=\"Dur\u00e9e de lecture estim\u00e9e\" \/>\n\t<meta name=\"twitter:data2\" content=\"11 minutes\" \/>\n<script type=\"application\/ld+json\" class=\"yoast-schema-graph\">{\"@context\":\"https:\\\/\\\/schema.org\",\"@graph\":[{\"@type\":\"Article\",\"@id\":\"https:\\\/\\\/qualifio.com\\\/fr\\\/blog\\\/calendrier-marketing-2023-dates-pas-manquer\\\/#article\",\"isPartOf\":{\"@id\":\"https:\\\/\\\/qualifio.com\\\/fr\\\/blog\\\/calendrier-marketing-2023-dates-pas-manquer\\\/\"},\"author\":{\"name\":\"Anastasia Babatzikis\",\"@id\":\"https:\\\/\\\/qualifio.com\\\/fr\\\/#\\\/schema\\\/person\\\/28a6936b55c369fff561b8492bdece27\"},\"headline\":\"Calendrier marketing 2023 : les dates \u00e0 ne pas manquer cette ann\u00e9e\",\"datePublished\":\"2022-11-08T08:26:09+00:00\",\"dateModified\":\"2026-02-18T16:27:26+00:00\",\"mainEntityOfPage\":{\"@id\":\"https:\\\/\\\/qualifio.com\\\/fr\\\/blog\\\/calendrier-marketing-2023-dates-pas-manquer\\\/\"},\"wordCount\":2054,\"publisher\":{\"@id\":\"https:\\\/\\\/qualifio.com\\\/fr\\\/#organization\"},\"image\":{\"@id\":\"https:\\\/\\\/qualifio.com\\\/fr\\\/blog\\\/calendrier-marketing-2023-dates-pas-manquer\\\/#primaryimage\"},\"thumbnailUrl\":\"https:\\\/\\\/qualifio.com\\\/wp-content\\\/uploads\\\/2022\\\/11\\\/calendrier-marketing-2023-blog.png\",\"articleSection\":[\"Inspiration\"],\"inLanguage\":\"fr-FR\"},{\"@type\":\"WebPage\",\"@id\":\"https:\\\/\\\/qualifio.com\\\/fr\\\/blog\\\/calendrier-marketing-2023-dates-pas-manquer\\\/\",\"url\":\"https:\\\/\\\/qualifio.com\\\/fr\\\/blog\\\/calendrier-marketing-2023-dates-pas-manquer\\\/\",\"name\":\"Calendrier marketing 2023 : les dates \u00e0 ne pas manquer - Qualifio\",\"isPartOf\":{\"@id\":\"https:\\\/\\\/qualifio.com\\\/fr\\\/#website\"},\"primaryImageOfPage\":{\"@id\":\"https:\\\/\\\/qualifio.com\\\/fr\\\/blog\\\/calendrier-marketing-2023-dates-pas-manquer\\\/#primaryimage\"},\"image\":{\"@id\":\"https:\\\/\\\/qualifio.com\\\/fr\\\/blog\\\/calendrier-marketing-2023-dates-pas-manquer\\\/#primaryimage\"},\"thumbnailUrl\":\"https:\\\/\\\/qualifio.com\\\/wp-content\\\/uploads\\\/2022\\\/11\\\/calendrier-marketing-2023-blog.png\",\"datePublished\":\"2022-11-08T08:26:09+00:00\",\"dateModified\":\"2026-02-18T16:27:26+00:00\",\"description\":\"Le calendrier marketing 2023 est disponible en t\u00e9l\u00e9chargement gratuit ! Le calendrier marketing est le contenu le plus attendu.\",\"breadcrumb\":{\"@id\":\"https:\\\/\\\/qualifio.com\\\/fr\\\/blog\\\/calendrier-marketing-2023-dates-pas-manquer\\\/#breadcrumb\"},\"inLanguage\":\"fr-FR\",\"potentialAction\":[{\"@type\":\"ReadAction\",\"target\":[\"https:\\\/\\\/qualifio.com\\\/fr\\\/blog\\\/calendrier-marketing-2023-dates-pas-manquer\\\/\"]}]},{\"@type\":\"ImageObject\",\"inLanguage\":\"fr-FR\",\"@id\":\"https:\\\/\\\/qualifio.com\\\/fr\\\/blog\\\/calendrier-marketing-2023-dates-pas-manquer\\\/#primaryimage\",\"url\":\"https:\\\/\\\/qualifio.com\\\/wp-content\\\/uploads\\\/2022\\\/11\\\/calendrier-marketing-2023-blog.png\",\"contentUrl\":\"https:\\\/\\\/qualifio.com\\\/wp-content\\\/uploads\\\/2022\\\/11\\\/calendrier-marketing-2023-blog.png\",\"width\":460,\"height\":240,\"caption\":\"calendrier-marketing-2023-blog\"},{\"@type\":\"BreadcrumbList\",\"@id\":\"https:\\\/\\\/qualifio.com\\\/fr\\\/blog\\\/calendrier-marketing-2023-dates-pas-manquer\\\/#breadcrumb\",\"itemListElement\":[{\"@type\":\"ListItem\",\"position\":1,\"name\":\"Home\",\"item\":\"https:\\\/\\\/qualifio.com\\\/fr\\\/\"},{\"@type\":\"ListItem\",\"position\":2,\"name\":\"Inspiration\",\"item\":\"https:\\\/\\\/qualifio.com\\\/fr\\\/blog\\\/category\\\/inspiration\\\/\"},{\"@type\":\"ListItem\",\"position\":3,\"name\":\"Calendrier marketing 2023 : les dates \u00e0 ne pas manquer cette ann\u00e9e\"}]},{\"@type\":\"WebSite\",\"@id\":\"https:\\\/\\\/qualifio.com\\\/fr\\\/#website\",\"url\":\"https:\\\/\\\/qualifio.com\\\/fr\\\/\",\"name\":\"Qualifio\",\"description\":\"Un site utilisant WordPress\",\"publisher\":{\"@id\":\"https:\\\/\\\/qualifio.com\\\/fr\\\/#organization\"},\"potentialAction\":[{\"@type\":\"SearchAction\",\"target\":{\"@type\":\"EntryPoint\",\"urlTemplate\":\"https:\\\/\\\/qualifio.com\\\/fr\\\/?s={search_term_string}\"},\"query-input\":{\"@type\":\"PropertyValueSpecification\",\"valueRequired\":true,\"valueName\":\"search_term_string\"}}],\"inLanguage\":\"fr-FR\"},{\"@type\":\"Organization\",\"@id\":\"https:\\\/\\\/qualifio.com\\\/fr\\\/#organization\",\"name\":\"Qualifio\",\"url\":\"https:\\\/\\\/qualifio.com\\\/fr\\\/\",\"logo\":{\"@type\":\"ImageObject\",\"inLanguage\":\"fr-FR\",\"@id\":\"https:\\\/\\\/qualifio.com\\\/fr\\\/#\\\/schema\\\/logo\\\/image\\\/\",\"url\":\"https:\\\/\\\/qualifio.com\\\/wp-content\\\/uploads\\\/2022\\\/06\\\/banner-blog-news-simple.png\",\"contentUrl\":\"https:\\\/\\\/qualifio.com\\\/wp-content\\\/uploads\\\/2022\\\/06\\\/banner-blog-news-simple.png\",\"width\":460,\"height\":240,\"caption\":\"Qualifio\"},\"image\":{\"@id\":\"https:\\\/\\\/qualifio.com\\\/fr\\\/#\\\/schema\\\/logo\\\/image\\\/\"}},{\"@type\":\"Person\",\"@id\":\"https:\\\/\\\/qualifio.com\\\/fr\\\/#\\\/schema\\\/person\\\/28a6936b55c369fff561b8492bdece27\",\"name\":\"Anastasia Babatzikis\",\"image\":{\"@type\":\"ImageObject\",\"inLanguage\":\"fr-FR\",\"@id\":\"https:\\\/\\\/secure.gravatar.com\\\/avatar\\\/3650df76245196349acfdf5b62709547a687217d8e0a7f189d6198b14470f0ca?s=96&d=mm&r=g\",\"url\":\"https:\\\/\\\/secure.gravatar.com\\\/avatar\\\/3650df76245196349acfdf5b62709547a687217d8e0a7f189d6198b14470f0ca?s=96&d=mm&r=g\",\"contentUrl\":\"https:\\\/\\\/secure.gravatar.com\\\/avatar\\\/3650df76245196349acfdf5b62709547a687217d8e0a7f189d6198b14470f0ca?s=96&d=mm&r=g\",\"caption\":\"Anastasia Babatzikis\"},\"description\":\"Anastasia has been with the company for 7 years now, trying out new platforms, ideas, and campaigns to make sure our marketing efforts really pay off, all while keeping things fun and creative. Outside of work, she's passionate about theatre, football and good food!\",\"sameAs\":[\"https:\\\/\\\/qualifio.com\\\/wp-content\\\/uploads\\\/2021\\\/12\\\/anastasia-blog.jpeg\"],\"url\":\"https:\\\/\\\/qualifio.com\\\/fr\\\/blog\\\/author\\\/anastasia\\\/\"}]}<\/script>\n<!-- \/ Yoast SEO Premium plugin. -->","yoast_head_json":{"title":"Calendrier marketing 2023 : les dates \u00e0 ne pas manquer - Qualifio","description":"Le calendrier marketing 2023 est disponible en t\u00e9l\u00e9chargement gratuit ! Le calendrier marketing est le contenu le plus attendu.","robots":{"index":"index","follow":"follow","max-snippet":"max-snippet:-1","max-image-preview":"max-image-preview:large","max-video-preview":"max-video-preview:-1"},"canonical":"https:\/\/qualifio.com\/fr\/blog\/calendrier-marketing-2023-dates-pas-manquer\/","og_locale":"fr_FR","og_type":"article","og_title":"Calendrier marketing 2023 : les dates \u00e0 ne pas manquer cette ann\u00e9e","og_description":"Le calendrier marketing 2023 est disponible en t\u00e9l\u00e9chargement gratuit ! Le calendrier marketing est le contenu le plus attendu.","og_url":"https:\/\/qualifio.com\/fr\/blog\/calendrier-marketing-2023-dates-pas-manquer\/","og_site_name":"Qualifio","article_published_time":"2022-11-08T08:26:09+00:00","article_modified_time":"2026-02-18T16:27:26+00:00","og_image":[{"width":1200,"height":627,"url":"https:\/\/qualifio.com\/wp-content\/uploads\/2022\/11\/calendrier-marketing-2023-social.png","type":"image\/png"}],"author":"Anastasia Babatzikis","twitter_card":"summary_large_image","twitter_misc":{"\u00c9crit par":"Anastasia Babatzikis","Dur\u00e9e de lecture estim\u00e9e":"11 minutes"},"schema":{"@context":"https:\/\/schema.org","@graph":[{"@type":"Article","@id":"https:\/\/qualifio.com\/fr\/blog\/calendrier-marketing-2023-dates-pas-manquer\/#article","isPartOf":{"@id":"https:\/\/qualifio.com\/fr\/blog\/calendrier-marketing-2023-dates-pas-manquer\/"},"author":{"name":"Anastasia Babatzikis","@id":"https:\/\/qualifio.com\/fr\/#\/schema\/person\/28a6936b55c369fff561b8492bdece27"},"headline":"Calendrier marketing 2023 : les dates \u00e0 ne pas manquer cette ann\u00e9e","datePublished":"2022-11-08T08:26:09+00:00","dateModified":"2026-02-18T16:27:26+00:00","mainEntityOfPage":{"@id":"https:\/\/qualifio.com\/fr\/blog\/calendrier-marketing-2023-dates-pas-manquer\/"},"wordCount":2054,"publisher":{"@id":"https:\/\/qualifio.com\/fr\/#organization"},"image":{"@id":"https:\/\/qualifio.com\/fr\/blog\/calendrier-marketing-2023-dates-pas-manquer\/#primaryimage"},"thumbnailUrl":"https:\/\/qualifio.com\/wp-content\/uploads\/2022\/11\/calendrier-marketing-2023-blog.png","articleSection":["Inspiration"],"inLanguage":"fr-FR"},{"@type":"WebPage","@id":"https:\/\/qualifio.com\/fr\/blog\/calendrier-marketing-2023-dates-pas-manquer\/","url":"https:\/\/qualifio.com\/fr\/blog\/calendrier-marketing-2023-dates-pas-manquer\/","name":"Calendrier marketing 2023 : les dates \u00e0 ne pas manquer - Qualifio","isPartOf":{"@id":"https:\/\/qualifio.com\/fr\/#website"},"primaryImageOfPage":{"@id":"https:\/\/qualifio.com\/fr\/blog\/calendrier-marketing-2023-dates-pas-manquer\/#primaryimage"},"image":{"@id":"https:\/\/qualifio.com\/fr\/blog\/calendrier-marketing-2023-dates-pas-manquer\/#primaryimage"},"thumbnailUrl":"https:\/\/qualifio.com\/wp-content\/uploads\/2022\/11\/calendrier-marketing-2023-blog.png","datePublished":"2022-11-08T08:26:09+00:00","dateModified":"2026-02-18T16:27:26+00:00","description":"Le calendrier marketing 2023 est disponible en t\u00e9l\u00e9chargement gratuit ! Le calendrier marketing est le contenu le plus attendu.","breadcrumb":{"@id":"https:\/\/qualifio.com\/fr\/blog\/calendrier-marketing-2023-dates-pas-manquer\/#breadcrumb"},"inLanguage":"fr-FR","potentialAction":[{"@type":"ReadAction","target":["https:\/\/qualifio.com\/fr\/blog\/calendrier-marketing-2023-dates-pas-manquer\/"]}]},{"@type":"ImageObject","inLanguage":"fr-FR","@id":"https:\/\/qualifio.com\/fr\/blog\/calendrier-marketing-2023-dates-pas-manquer\/#primaryimage","url":"https:\/\/qualifio.com\/wp-content\/uploads\/2022\/11\/calendrier-marketing-2023-blog.png","contentUrl":"https:\/\/qualifio.com\/wp-content\/uploads\/2022\/11\/calendrier-marketing-2023-blog.png","width":460,"height":240,"caption":"calendrier-marketing-2023-blog"},{"@type":"BreadcrumbList","@id":"https:\/\/qualifio.com\/fr\/blog\/calendrier-marketing-2023-dates-pas-manquer\/#breadcrumb","itemListElement":[{"@type":"ListItem","position":1,"name":"Home","item":"https:\/\/qualifio.com\/fr\/"},{"@type":"ListItem","position":2,"name":"Inspiration","item":"https:\/\/qualifio.com\/fr\/blog\/category\/inspiration\/"},{"@type":"ListItem","position":3,"name":"Calendrier marketing 2023 : les dates \u00e0 ne pas manquer cette ann\u00e9e"}]},{"@type":"WebSite","@id":"https:\/\/qualifio.com\/fr\/#website","url":"https:\/\/qualifio.com\/fr\/","name":"Qualifio","description":"Un site utilisant WordPress","publisher":{"@id":"https:\/\/qualifio.com\/fr\/#organization"},"potentialAction":[{"@type":"SearchAction","target":{"@type":"EntryPoint","urlTemplate":"https:\/\/qualifio.com\/fr\/?s={search_term_string}"},"query-input":{"@type":"PropertyValueSpecification","valueRequired":true,"valueName":"search_term_string"}}],"inLanguage":"fr-FR"},{"@type":"Organization","@id":"https:\/\/qualifio.com\/fr\/#organization","name":"Qualifio","url":"https:\/\/qualifio.com\/fr\/","logo":{"@type":"ImageObject","inLanguage":"fr-FR","@id":"https:\/\/qualifio.com\/fr\/#\/schema\/logo\/image\/","url":"https:\/\/qualifio.com\/wp-content\/uploads\/2022\/06\/banner-blog-news-simple.png","contentUrl":"https:\/\/qualifio.com\/wp-content\/uploads\/2022\/06\/banner-blog-news-simple.png","width":460,"height":240,"caption":"Qualifio"},"image":{"@id":"https:\/\/qualifio.com\/fr\/#\/schema\/logo\/image\/"}},{"@type":"Person","@id":"https:\/\/qualifio.com\/fr\/#\/schema\/person\/28a6936b55c369fff561b8492bdece27","name":"Anastasia Babatzikis","image":{"@type":"ImageObject","inLanguage":"fr-FR","@id":"https:\/\/secure.gravatar.com\/avatar\/3650df76245196349acfdf5b62709547a687217d8e0a7f189d6198b14470f0ca?s=96&d=mm&r=g","url":"https:\/\/secure.gravatar.com\/avatar\/3650df76245196349acfdf5b62709547a687217d8e0a7f189d6198b14470f0ca?s=96&d=mm&r=g","contentUrl":"https:\/\/secure.gravatar.com\/avatar\/3650df76245196349acfdf5b62709547a687217d8e0a7f189d6198b14470f0ca?s=96&d=mm&r=g","caption":"Anastasia Babatzikis"},"description":"Anastasia has been with the company for 7 years now, trying out new platforms, ideas, and campaigns to make sure our marketing efforts really pay off, all while keeping things fun and creative. Outside of work, she's passionate about theatre, football and good food!","sameAs":["https:\/\/qualifio.com\/wp-content\/uploads\/2021\/12\/anastasia-blog.jpeg"],"url":"https:\/\/qualifio.com\/fr\/blog\/author\/anastasia\/"}]}},"_links":{"self":[{"href":"https:\/\/qualifio.com\/fr\/wp-json\/wp\/v2\/posts\/35760","targetHints":{"allow":["GET"]}}],"collection":[{"href":"https:\/\/qualifio.com\/fr\/wp-json\/wp\/v2\/posts"}],"about":[{"href":"https:\/\/qualifio.com\/fr\/wp-json\/wp\/v2\/types\/post"}],"author":[{"embeddable":true,"href":"https:\/\/qualifio.com\/fr\/wp-json\/wp\/v2\/users\/3"}],"replies":[{"embeddable":true,"href":"https:\/\/qualifio.com\/fr\/wp-json\/wp\/v2\/comments?post=35760"}],"version-history":[{"count":0,"href":"https:\/\/qualifio.com\/fr\/wp-json\/wp\/v2\/posts\/35760\/revisions"}],"wp:featuredmedia":[{"embeddable":true,"href":"https:\/\/qualifio.com\/fr\/wp-json\/wp\/v2\/media\/35809"}],"wp:attachment":[{"href":"https:\/\/qualifio.com\/fr\/wp-json\/wp\/v2\/media?parent=35760"}],"wp:term":[{"taxonomy":"category","embeddable":true,"href":"https:\/\/qualifio.com\/fr\/wp-json\/wp\/v2\/categories?post=35760"},{"taxonomy":"post_tag","embeddable":true,"href":"https:\/\/qualifio.com\/fr\/wp-json\/wp\/v2\/tags?post=35760"}],"curies":[{"name":"wp","href":"https:\/\/api.w.org\/{rel}","templated":true}]}}