{"id":28018,"date":"2018-12-17T10:39:21","date_gmt":"2018-12-17T09:39:21","guid":{"rendered":"https:\/\/qualifio.com\/blog\/calendrier-marketing-2019\/"},"modified":"2026-02-18T17:29:16","modified_gmt":"2026-02-18T16:29:16","slug":"calendrier-marketing-2019","status":"publish","type":"post","link":"https:\/\/qualifio.com\/fr\/blog\/calendrier-marketing-2019\/","title":{"rendered":"Calendrier marketing 2019 : la liste des \u00e9v\u00e9nements de l\u2019ann\u00e9e pour bien pr\u00e9parer vos campagnes"},"content":{"rendered":"\n<p><strong id=\"ancre\">Comme en 2018, Qualifio vous propose un calendrier marketing 2019, \u00e0 t\u00e9l\u00e9charger gratuitement !<\/strong> Pr\u00e9parez au mieux vos campagnes marketing en ayant une vision globale de tous les \u00e9v\u00e9nements qui vont rythmer cette nouvelle ann\u00e9e.<\/p>\n\n\n\n<h2 class=\"wp-block-heading\" id=\"h-votre-calendrier-marketing-2019\">Votre calendrier marketing 2019<\/h2>\n\n\n\n<p>L\u2019\u00e9dition 2019 du calendrier vous aidera \u00e0 ne rien manquer des \u00e9v\u00e9nements de l\u2019ann\u00e9e ! Pr\u00e9parez vos campagnes en avance et obtenez des id\u00e9es et exemples de campagnes interactives. Du jour de l\u2019an \u00e0 la Saint-Sylvestre, saisissez toutes les occasions pour engager vos audiences et collecter des donn\u00e9es clients et prospects.<\/p>\n\n\n\n<figure class=\"wp-block-image aligncenter size-full\"><img loading=\"lazy\" decoding=\"async\" width=\"780\" height=\"438\" src=\"https:\/\/qualifio.com\/wp-content\/uploads\/2025\/08\/calendrier-marketing-2019-1.webp\" alt=\"Calendrier marketing 2019\" class=\"wp-image-74243\" srcset=\"https:\/\/qualifio.com\/wp-content\/uploads\/2025\/08\/calendrier-marketing-2019-1.webp 780w, https:\/\/qualifio.com\/wp-content\/uploads\/2025\/08\/calendrier-marketing-2019-1-300x168.webp 300w, https:\/\/qualifio.com\/wp-content\/uploads\/2025\/08\/calendrier-marketing-2019-1-768x431.webp 768w\" sizes=\"auto, (max-width: 780px) 100vw, 780px\" \/><\/figure>\n\n\n\n<p class=\"has-text-align-center\"><\/p>\n\n\n\n<p>La communication et l\u2019interaction avec le client est un \u00e9l\u00e9ment important dans l&rsquo;objectif de le faire venir ou revenir sur vos canaux. Jouer sur les temps forts de l&rsquo;ann\u00e9e reste un moyen simple et efficace pour r\u00e9ussir cet objectif. <strong>C&rsquo;est pour cette raison que nous avons r\u00e9alis\u00e9 ce calendrier : vous faire gagner du temps et vous donner des id\u00e9es pour vos prochaines campagnes.<\/strong><\/p>\n\n\n\n<p class=\"has-text-align-center\"><span style=\"color: #f7a932;\"><strong>C\u2019est parti !<\/strong><\/span> Pour t\u00e9l\u00e9charger le calendrier, remplissez le formulaire ci-dessus.<\/p>\n\n\n\n<script src=\"https:\/\/js-eu1.hsforms.net\/forms\/embed\/147199682.js\" defer><\/script>\n<div class=\"hs-form-frame\" data-region=\"eu1\" data-form-id=\"55ca8e8b-9ce8-4f22-944f-ca7be0fb67fe\" data-portal-id=\"147199682\"><\/div>\n","protected":false},"excerpt":{"rendered":"<p>Comme en 2018, Qualifio vous propose un calendrier marketing 2019, \u00e0 t\u00e9l\u00e9charger gratuitement ! Pr\u00e9parez au mieux vos campagnes marketing en ayant une vision globale de tous les \u00e9v\u00e9nements qui vont rythmer cette nouvelle ann\u00e9e. Votre calendrier marketing 2019 L\u2019\u00e9dition 2019 du calendrier vous aidera \u00e0 ne rien manquer des \u00e9v\u00e9nements de l\u2019ann\u00e9e ! Pr\u00e9parez [&hellip;]<\/p>\n","protected":false},"author":13,"featured_media":28019,"comment_status":"closed","ping_status":"closed","sticky":false,"template":"","format":"standard","meta":{"footnotes":""},"categories":[268],"tags":[],"class_list":["post-28018","post","type-post","status-publish","format-standard","has-post-thumbnail","hentry","category-inspiration"],"yoast_head":"<!-- This site is optimized with the Yoast SEO Premium plugin v27.5 (Yoast SEO v27.5) - https:\/\/yoast.com\/product\/yoast-seo-premium-wordpress\/ -->\n<title>Notre calendrier marketing 2019 est arriv\u00e9 ! | Qualifio<\/title>\n<meta name=\"description\" content=\"Comme chaque ann\u00e9e, la plateforme Qualifio vous propose son calendrier des temps forts 2019, \u00e0 t\u00e9l\u00e9charger gratuitement !\" \/>\n<meta name=\"robots\" content=\"index, follow, max-snippet:-1, max-image-preview:large, max-video-preview:-1\" \/>\n<link rel=\"canonical\" href=\"https:\/\/qualifio.com\/fr\/blog\/calendrier-marketing-2019\/\" \/>\n<meta property=\"og:locale\" content=\"fr_FR\" \/>\n<meta property=\"og:type\" content=\"article\" \/>\n<meta property=\"og:title\" content=\"Calendrier marketing 2019 : la liste des \u00e9v\u00e9nements de l\u2019ann\u00e9e pour bien pr\u00e9parer vos campagnes\" \/>\n<meta property=\"og:description\" content=\"Comme chaque ann\u00e9e, la plateforme Qualifio vous propose son calendrier des temps forts 2019, \u00e0 t\u00e9l\u00e9charger gratuitement !\" \/>\n<meta property=\"og:url\" content=\"https:\/\/qualifio.com\/fr\/blog\/calendrier-marketing-2019\/\" \/>\n<meta property=\"og:site_name\" content=\"Qualifio\" \/>\n<meta property=\"article:published_time\" content=\"2018-12-17T09:39:21+00:00\" \/>\n<meta property=\"article:modified_time\" content=\"2026-02-18T16:29:16+00:00\" \/>\n<meta property=\"og:image\" content=\"https:\/\/qualifio.com\/blog\/wp-content\/uploads\/banner-marketing-calendar-19-fb.png\" \/>\n<meta name=\"author\" content=\"Tabata Vossen\" \/>\n<meta name=\"twitter:card\" content=\"summary_large_image\" \/>\n<meta name=\"twitter:label1\" content=\"\u00c9crit par\" \/>\n\t<meta name=\"twitter:data1\" content=\"Tabata Vossen\" \/>\n\t<meta name=\"twitter:label2\" content=\"Dur\u00e9e de lecture estim\u00e9e\" \/>\n\t<meta name=\"twitter:data2\" content=\"2 minutes\" \/>\n<script type=\"application\/ld+json\" class=\"yoast-schema-graph\">{\"@context\":\"https:\\\/\\\/schema.org\",\"@graph\":[{\"@type\":\"Article\",\"@id\":\"https:\\\/\\\/qualifio.com\\\/fr\\\/blog\\\/calendrier-marketing-2019\\\/#article\",\"isPartOf\":{\"@id\":\"https:\\\/\\\/qualifio.com\\\/fr\\\/blog\\\/calendrier-marketing-2019\\\/\"},\"author\":{\"name\":\"Tabata Vossen\",\"@id\":\"https:\\\/\\\/qualifio.com\\\/fr\\\/#\\\/schema\\\/person\\\/6c5468147aefb236abb3e1e09bb916a2\"},\"headline\":\"Calendrier marketing 2019 : la liste des \u00e9v\u00e9nements de l\u2019ann\u00e9e pour bien pr\u00e9parer vos campagnes\",\"datePublished\":\"2018-12-17T09:39:21+00:00\",\"dateModified\":\"2026-02-18T16:29:16+00:00\",\"mainEntityOfPage\":{\"@id\":\"https:\\\/\\\/qualifio.com\\\/fr\\\/blog\\\/calendrier-marketing-2019\\\/\"},\"wordCount\":196,\"publisher\":{\"@id\":\"https:\\\/\\\/qualifio.com\\\/fr\\\/#organization\"},\"image\":{\"@id\":\"https:\\\/\\\/qualifio.com\\\/fr\\\/blog\\\/calendrier-marketing-2019\\\/#primaryimage\"},\"thumbnailUrl\":\"https:\\\/\\\/qualifio.com\\\/wp-content\\\/uploads\\\/2022\\\/06\\\/banner-marketing-calendar-19-blog.jpg\",\"articleSection\":[\"Inspiration\"],\"inLanguage\":\"fr-FR\"},{\"@type\":\"WebPage\",\"@id\":\"https:\\\/\\\/qualifio.com\\\/fr\\\/blog\\\/calendrier-marketing-2019\\\/\",\"url\":\"https:\\\/\\\/qualifio.com\\\/fr\\\/blog\\\/calendrier-marketing-2019\\\/\",\"name\":\"Notre calendrier marketing 2019 est arriv\u00e9 ! | Qualifio\",\"isPartOf\":{\"@id\":\"https:\\\/\\\/qualifio.com\\\/fr\\\/#website\"},\"primaryImageOfPage\":{\"@id\":\"https:\\\/\\\/qualifio.com\\\/fr\\\/blog\\\/calendrier-marketing-2019\\\/#primaryimage\"},\"image\":{\"@id\":\"https:\\\/\\\/qualifio.com\\\/fr\\\/blog\\\/calendrier-marketing-2019\\\/#primaryimage\"},\"thumbnailUrl\":\"https:\\\/\\\/qualifio.com\\\/wp-content\\\/uploads\\\/2022\\\/06\\\/banner-marketing-calendar-19-blog.jpg\",\"datePublished\":\"2018-12-17T09:39:21+00:00\",\"dateModified\":\"2026-02-18T16:29:16+00:00\",\"description\":\"Comme chaque ann\u00e9e, la plateforme Qualifio vous propose son calendrier des temps forts 2019, \u00e0 t\u00e9l\u00e9charger gratuitement !\",\"breadcrumb\":{\"@id\":\"https:\\\/\\\/qualifio.com\\\/fr\\\/blog\\\/calendrier-marketing-2019\\\/#breadcrumb\"},\"inLanguage\":\"fr-FR\",\"potentialAction\":[{\"@type\":\"ReadAction\",\"target\":[\"https:\\\/\\\/qualifio.com\\\/fr\\\/blog\\\/calendrier-marketing-2019\\\/\"]}]},{\"@type\":\"ImageObject\",\"inLanguage\":\"fr-FR\",\"@id\":\"https:\\\/\\\/qualifio.com\\\/fr\\\/blog\\\/calendrier-marketing-2019\\\/#primaryimage\",\"url\":\"https:\\\/\\\/qualifio.com\\\/wp-content\\\/uploads\\\/2022\\\/06\\\/banner-marketing-calendar-19-blog.jpg\",\"contentUrl\":\"https:\\\/\\\/qualifio.com\\\/wp-content\\\/uploads\\\/2022\\\/06\\\/banner-marketing-calendar-19-blog.jpg\",\"width\":460,\"height\":240},{\"@type\":\"BreadcrumbList\",\"@id\":\"https:\\\/\\\/qualifio.com\\\/fr\\\/blog\\\/calendrier-marketing-2019\\\/#breadcrumb\",\"itemListElement\":[{\"@type\":\"ListItem\",\"position\":1,\"name\":\"Home\",\"item\":\"https:\\\/\\\/qualifio.com\\\/fr\\\/\"},{\"@type\":\"ListItem\",\"position\":2,\"name\":\"Inspiration\",\"item\":\"https:\\\/\\\/qualifio.com\\\/fr\\\/blog\\\/category\\\/inspiration\\\/\"},{\"@type\":\"ListItem\",\"position\":3,\"name\":\"Calendrier marketing 2019 : la liste des \u00e9v\u00e9nements de l\u2019ann\u00e9e pour bien pr\u00e9parer vos campagnes\"}]},{\"@type\":\"WebSite\",\"@id\":\"https:\\\/\\\/qualifio.com\\\/fr\\\/#website\",\"url\":\"https:\\\/\\\/qualifio.com\\\/fr\\\/\",\"name\":\"Qualifio\",\"description\":\"Un site utilisant WordPress\",\"publisher\":{\"@id\":\"https:\\\/\\\/qualifio.com\\\/fr\\\/#organization\"},\"potentialAction\":[{\"@type\":\"SearchAction\",\"target\":{\"@type\":\"EntryPoint\",\"urlTemplate\":\"https:\\\/\\\/qualifio.com\\\/fr\\\/?s={search_term_string}\"},\"query-input\":{\"@type\":\"PropertyValueSpecification\",\"valueRequired\":true,\"valueName\":\"search_term_string\"}}],\"inLanguage\":\"fr-FR\"},{\"@type\":\"Organization\",\"@id\":\"https:\\\/\\\/qualifio.com\\\/fr\\\/#organization\",\"name\":\"Qualifio\",\"url\":\"https:\\\/\\\/qualifio.com\\\/fr\\\/\",\"logo\":{\"@type\":\"ImageObject\",\"inLanguage\":\"fr-FR\",\"@id\":\"https:\\\/\\\/qualifio.com\\\/fr\\\/#\\\/schema\\\/logo\\\/image\\\/\",\"url\":\"https:\\\/\\\/qualifio.com\\\/wp-content\\\/uploads\\\/2022\\\/06\\\/banner-blog-news-simple.png\",\"contentUrl\":\"https:\\\/\\\/qualifio.com\\\/wp-content\\\/uploads\\\/2022\\\/06\\\/banner-blog-news-simple.png\",\"width\":460,\"height\":240,\"caption\":\"Qualifio\"},\"image\":{\"@id\":\"https:\\\/\\\/qualifio.com\\\/fr\\\/#\\\/schema\\\/logo\\\/image\\\/\"}},{\"@type\":\"Person\",\"@id\":\"https:\\\/\\\/qualifio.com\\\/fr\\\/#\\\/schema\\\/person\\\/6c5468147aefb236abb3e1e09bb916a2\",\"name\":\"Tabata Vossen\",\"image\":{\"@type\":\"ImageObject\",\"inLanguage\":\"fr-FR\",\"@id\":\"https:\\\/\\\/secure.gravatar.com\\\/avatar\\\/8fb5904ee2dcc7c19710d9badb404bcef5c318316751b5ab015b241b320d4d4f?s=96&d=mm&r=g\",\"url\":\"https:\\\/\\\/secure.gravatar.com\\\/avatar\\\/8fb5904ee2dcc7c19710d9badb404bcef5c318316751b5ab015b241b320d4d4f?s=96&d=mm&r=g\",\"contentUrl\":\"https:\\\/\\\/secure.gravatar.com\\\/avatar\\\/8fb5904ee2dcc7c19710d9badb404bcef5c318316751b5ab015b241b320d4d4f?s=96&d=mm&r=g\",\"caption\":\"Tabata Vossen\"},\"sameAs\":[\"https:\\\/\\\/qualifio.com\\\/wp-content\\\/uploads\\\/2021\\\/12\\\/tabata-blog.jpg\"],\"url\":\"https:\\\/\\\/qualifio.com\\\/fr\\\/blog\\\/author\\\/tabata-vossen\\\/\"}]}<\/script>\n<!-- \/ Yoast SEO Premium plugin. -->","yoast_head_json":{"title":"Notre calendrier marketing 2019 est arriv\u00e9 ! | Qualifio","description":"Comme chaque ann\u00e9e, la plateforme Qualifio vous propose son calendrier des temps forts 2019, \u00e0 t\u00e9l\u00e9charger gratuitement !","robots":{"index":"index","follow":"follow","max-snippet":"max-snippet:-1","max-image-preview":"max-image-preview:large","max-video-preview":"max-video-preview:-1"},"canonical":"https:\/\/qualifio.com\/fr\/blog\/calendrier-marketing-2019\/","og_locale":"fr_FR","og_type":"article","og_title":"Calendrier marketing 2019 : la liste des \u00e9v\u00e9nements de l\u2019ann\u00e9e pour bien pr\u00e9parer vos campagnes","og_description":"Comme chaque ann\u00e9e, la plateforme Qualifio vous propose son calendrier des temps forts 2019, \u00e0 t\u00e9l\u00e9charger gratuitement !","og_url":"https:\/\/qualifio.com\/fr\/blog\/calendrier-marketing-2019\/","og_site_name":"Qualifio","article_published_time":"2018-12-17T09:39:21+00:00","article_modified_time":"2026-02-18T16:29:16+00:00","og_image":[{"url":"https:\/\/qualifio.com\/blog\/wp-content\/uploads\/banner-marketing-calendar-19-fb.png","type":"","width":"","height":""}],"author":"Tabata Vossen","twitter_card":"summary_large_image","twitter_misc":{"\u00c9crit par":"Tabata Vossen","Dur\u00e9e de lecture estim\u00e9e":"2 minutes"},"schema":{"@context":"https:\/\/schema.org","@graph":[{"@type":"Article","@id":"https:\/\/qualifio.com\/fr\/blog\/calendrier-marketing-2019\/#article","isPartOf":{"@id":"https:\/\/qualifio.com\/fr\/blog\/calendrier-marketing-2019\/"},"author":{"name":"Tabata Vossen","@id":"https:\/\/qualifio.com\/fr\/#\/schema\/person\/6c5468147aefb236abb3e1e09bb916a2"},"headline":"Calendrier marketing 2019 : la liste des \u00e9v\u00e9nements de l\u2019ann\u00e9e pour bien pr\u00e9parer vos campagnes","datePublished":"2018-12-17T09:39:21+00:00","dateModified":"2026-02-18T16:29:16+00:00","mainEntityOfPage":{"@id":"https:\/\/qualifio.com\/fr\/blog\/calendrier-marketing-2019\/"},"wordCount":196,"publisher":{"@id":"https:\/\/qualifio.com\/fr\/#organization"},"image":{"@id":"https:\/\/qualifio.com\/fr\/blog\/calendrier-marketing-2019\/#primaryimage"},"thumbnailUrl":"https:\/\/qualifio.com\/wp-content\/uploads\/2022\/06\/banner-marketing-calendar-19-blog.jpg","articleSection":["Inspiration"],"inLanguage":"fr-FR"},{"@type":"WebPage","@id":"https:\/\/qualifio.com\/fr\/blog\/calendrier-marketing-2019\/","url":"https:\/\/qualifio.com\/fr\/blog\/calendrier-marketing-2019\/","name":"Notre calendrier marketing 2019 est arriv\u00e9 ! | Qualifio","isPartOf":{"@id":"https:\/\/qualifio.com\/fr\/#website"},"primaryImageOfPage":{"@id":"https:\/\/qualifio.com\/fr\/blog\/calendrier-marketing-2019\/#primaryimage"},"image":{"@id":"https:\/\/qualifio.com\/fr\/blog\/calendrier-marketing-2019\/#primaryimage"},"thumbnailUrl":"https:\/\/qualifio.com\/wp-content\/uploads\/2022\/06\/banner-marketing-calendar-19-blog.jpg","datePublished":"2018-12-17T09:39:21+00:00","dateModified":"2026-02-18T16:29:16+00:00","description":"Comme chaque ann\u00e9e, la plateforme Qualifio vous propose son calendrier des temps forts 2019, \u00e0 t\u00e9l\u00e9charger gratuitement !","breadcrumb":{"@id":"https:\/\/qualifio.com\/fr\/blog\/calendrier-marketing-2019\/#breadcrumb"},"inLanguage":"fr-FR","potentialAction":[{"@type":"ReadAction","target":["https:\/\/qualifio.com\/fr\/blog\/calendrier-marketing-2019\/"]}]},{"@type":"ImageObject","inLanguage":"fr-FR","@id":"https:\/\/qualifio.com\/fr\/blog\/calendrier-marketing-2019\/#primaryimage","url":"https:\/\/qualifio.com\/wp-content\/uploads\/2022\/06\/banner-marketing-calendar-19-blog.jpg","contentUrl":"https:\/\/qualifio.com\/wp-content\/uploads\/2022\/06\/banner-marketing-calendar-19-blog.jpg","width":460,"height":240},{"@type":"BreadcrumbList","@id":"https:\/\/qualifio.com\/fr\/blog\/calendrier-marketing-2019\/#breadcrumb","itemListElement":[{"@type":"ListItem","position":1,"name":"Home","item":"https:\/\/qualifio.com\/fr\/"},{"@type":"ListItem","position":2,"name":"Inspiration","item":"https:\/\/qualifio.com\/fr\/blog\/category\/inspiration\/"},{"@type":"ListItem","position":3,"name":"Calendrier marketing 2019 : la liste des \u00e9v\u00e9nements de l\u2019ann\u00e9e pour bien pr\u00e9parer vos campagnes"}]},{"@type":"WebSite","@id":"https:\/\/qualifio.com\/fr\/#website","url":"https:\/\/qualifio.com\/fr\/","name":"Qualifio","description":"Un site utilisant WordPress","publisher":{"@id":"https:\/\/qualifio.com\/fr\/#organization"},"potentialAction":[{"@type":"SearchAction","target":{"@type":"EntryPoint","urlTemplate":"https:\/\/qualifio.com\/fr\/?s={search_term_string}"},"query-input":{"@type":"PropertyValueSpecification","valueRequired":true,"valueName":"search_term_string"}}],"inLanguage":"fr-FR"},{"@type":"Organization","@id":"https:\/\/qualifio.com\/fr\/#organization","name":"Qualifio","url":"https:\/\/qualifio.com\/fr\/","logo":{"@type":"ImageObject","inLanguage":"fr-FR","@id":"https:\/\/qualifio.com\/fr\/#\/schema\/logo\/image\/","url":"https:\/\/qualifio.com\/wp-content\/uploads\/2022\/06\/banner-blog-news-simple.png","contentUrl":"https:\/\/qualifio.com\/wp-content\/uploads\/2022\/06\/banner-blog-news-simple.png","width":460,"height":240,"caption":"Qualifio"},"image":{"@id":"https:\/\/qualifio.com\/fr\/#\/schema\/logo\/image\/"}},{"@type":"Person","@id":"https:\/\/qualifio.com\/fr\/#\/schema\/person\/6c5468147aefb236abb3e1e09bb916a2","name":"Tabata Vossen","image":{"@type":"ImageObject","inLanguage":"fr-FR","@id":"https:\/\/secure.gravatar.com\/avatar\/8fb5904ee2dcc7c19710d9badb404bcef5c318316751b5ab015b241b320d4d4f?s=96&d=mm&r=g","url":"https:\/\/secure.gravatar.com\/avatar\/8fb5904ee2dcc7c19710d9badb404bcef5c318316751b5ab015b241b320d4d4f?s=96&d=mm&r=g","contentUrl":"https:\/\/secure.gravatar.com\/avatar\/8fb5904ee2dcc7c19710d9badb404bcef5c318316751b5ab015b241b320d4d4f?s=96&d=mm&r=g","caption":"Tabata Vossen"},"sameAs":["https:\/\/qualifio.com\/wp-content\/uploads\/2021\/12\/tabata-blog.jpg"],"url":"https:\/\/qualifio.com\/fr\/blog\/author\/tabata-vossen\/"}]}},"_links":{"self":[{"href":"https:\/\/qualifio.com\/fr\/wp-json\/wp\/v2\/posts\/28018","targetHints":{"allow":["GET"]}}],"collection":[{"href":"https:\/\/qualifio.com\/fr\/wp-json\/wp\/v2\/posts"}],"about":[{"href":"https:\/\/qualifio.com\/fr\/wp-json\/wp\/v2\/types\/post"}],"author":[{"embeddable":true,"href":"https:\/\/qualifio.com\/fr\/wp-json\/wp\/v2\/users\/13"}],"replies":[{"embeddable":true,"href":"https:\/\/qualifio.com\/fr\/wp-json\/wp\/v2\/comments?post=28018"}],"version-history":[{"count":0,"href":"https:\/\/qualifio.com\/fr\/wp-json\/wp\/v2\/posts\/28018\/revisions"}],"wp:featuredmedia":[{"embeddable":true,"href":"https:\/\/qualifio.com\/fr\/wp-json\/wp\/v2\/media\/28019"}],"wp:attachment":[{"href":"https:\/\/qualifio.com\/fr\/wp-json\/wp\/v2\/media?parent=28018"}],"wp:term":[{"taxonomy":"category","embeddable":true,"href":"https:\/\/qualifio.com\/fr\/wp-json\/wp\/v2\/categories?post=28018"},{"taxonomy":"post_tag","embeddable":true,"href":"https:\/\/qualifio.com\/fr\/wp-json\/wp\/v2\/tags?post=28018"}],"curies":[{"name":"wp","href":"https:\/\/api.w.org\/{rel}","templated":true}]}}